[{"@context":"https:\/\/schema.org\/","@type":"Article","@id":"https:\/\/www.emkas.cz\/na-kolo-jen-ve-funkcnim-pradle\/#Article","mainEntityOfPage":"https:\/\/www.emkas.cz\/na-kolo-jen-ve-funkcnim-pradle\/","headline":"Na kolo jen ve funk\u010dn\u00edm pr\u00e1dle","name":"Na kolo jen ve funk\u010dn\u00edm pr\u00e1dle","description":"Kdo jezd\u00ed pravideln\u011b na kole, v\u00ed, \u017ee funk\u010dn\u00ed oble\u010den\u00ed ochr\u00e1n\u00ed organismus p\u0159i vy\u0161\u0161\u00ed z\u00e1t\u011b\u017ei a z\u00e1rove\u0148 se i br\u00e1n\u00ed p\u0159ed nep\u0159\u00edzn\u00ed po\u010das\u00ed. P\u0159i jak\u00e9koliv v\u011bt\u0161\u00ed n\u00e1maze t\u011blo produkuje pot a pokud nem\u00e1me funk\u010dn\u00ed pr\u00e1dlo, vlhkost z\u016fst\u00e1v\u00e1 na k\u016f\u017ei, blokuje p\u00f3ry a doch\u00e1z\u00ed k n\u00e1r\u016fstu t\u011blesn\u00e9 teploty. T\u011blo je pak v\u00edce n\u00e1chyln\u00e9 k bakteri\u00edm a nemocem, [&hellip;]","datePublished":"2025-09-01","dateModified":"2025-09-01","author":{"@type":"Person","@id":"https:\/\/www.emkas.cz\/author\/#Person","name":"","url":"https:\/\/www.emkas.cz\/author\/","identifier":1,"image":{"@type":"ImageObject","@id":"https:\/\/secure.gravatar.com\/avatar\/232437c79d6ebbb41eb67b1526ce0bc08ee5047d6b1594dc05abcc3258d8e0b3?s=96&d=mm&r=g","url":"https:\/\/secure.gravatar.com\/avatar\/232437c79d6ebbb41eb67b1526ce0bc08ee5047d6b1594dc05abcc3258d8e0b3?s=96&d=mm&r=g","height":96,"width":96}},"publisher":{"@type":"Organization","name":"emkas.cz","logo":{"@type":"ImageObject","@id":"\/logo.png","url":"\/logo.png","width":600,"height":60}},"url":"https:\/\/www.emkas.cz\/na-kolo-jen-ve-funkcnim-pradle\/","wordCount":187,"articleBody":"Kdo jezd\u00ed pravideln\u011b na kole, v\u00ed, \u017ee funk\u010dn\u00ed oble\u010den\u00ed ochr\u00e1n\u00ed organismus p\u0159i vy\u0161\u0161\u00ed z\u00e1t\u011b\u017ei a z\u00e1rove\u0148 se i br\u00e1n\u00ed p\u0159ed nep\u0159\u00edzn\u00ed po\u010das\u00ed. P\u0159i jak\u00e9koliv v\u011bt\u0161\u00ed n\u00e1maze t\u011blo produkuje pot a pokud nem\u00e1me funk\u010dn\u00ed pr\u00e1dlo, vlhkost z\u016fst\u00e1v\u00e1 na k\u016f\u017ei, blokuje p\u00f3ry a doch\u00e1z\u00ed k n\u00e1r\u016fstu t\u011blesn\u00e9 teploty. T\u011blo je pak v\u00edce n\u00e1chyln\u00e9 k bakteri\u00edm a nemocem, kter\u00e9 vznikaj\u00ed p\u0159i n\u00e1hl\u00fdch zm\u011bn\u00e1ch teplot. Kvalitn\u00ed zpracov\u00e1n\u00ed, origin\u00e1ln\u00ed vzhled Funk\u010dn\u00ed cyklistick\u00e9 oble\u010den\u00ed v sou\u010dasn\u00e9 dob\u011b ji\u017e bezesporu pat\u0159\u00ed do v\u00fdbavy aktivn\u00edho sportovce. Pokud m\u00e1te z\u00e1jem o kvalitn\u00ed materi\u00e1ly, zaj\u00edmav\u00fd design, \u010di velk\u00fd v\u00fdb\u011br barevn\u00fdch kombinac\u00ed, ur\u010dit\u011b se zam\u011b\u0159te na v\u00fdrobky \u010desko-italsk\u00e9 zna\u010dky Silvini. V jej\u00ed nab\u00eddce naleznete funk\u010dn\u00ed pr\u00e1dlo i pro dal\u0161\u00ed outdoorov\u00e9 aktivity, zejm\u00e9na se zac\u00edlen\u00edm na vytrvalostn\u00ed sporty typu b\u011bh, b\u011b\u017eeck\u00e9 ly\u017eov\u00e1n\u00ed \u010di in-line bruslen\u00ed.                                                                                                                                                                                                                                                                                                                                                                                                "},{"@context":"https:\/\/schema.org\/","@type":"BreadcrumbList","itemListElement":[{"@type":"ListItem","position":1,"name":"Na kolo jen ve funk\u010dn\u00edm pr\u00e1dle","item":"https:\/\/www.emkas.cz\/na-kolo-jen-ve-funkcnim-pradle\/#breadcrumbitem"}]}]